{"id":247,"date":"2026-04-25T23:17:46","date_gmt":"2026-04-25T21:17:46","guid":{"rendered":"https:\/\/vcp-badschwalbach.de\/startseite\/?p=247"},"modified":"2026-04-25T23:23:41","modified_gmt":"2026-04-25T21:23:41","slug":"40-jahre-vcp-stamm-robin-hood","status":"publish","type":"post","link":"https:\/\/vcp-badschwalbach.de\/startseite\/2026\/04\/25\/40-jahre-vcp-stamm-robin-hood\/","title":{"rendered":"40 Jahre VCP Stamm Robin Hood"},"content":{"rendered":"\n<p>Unser Stamm ist 40 Jahre alt geworden! Dieses besondere Jubil\u00e4um haben wir am 18. und 19. April gemeinsam mit euch gefeiert.<\/p>\n\n\n\n<p>Den Auftakt bildete ein gem\u00fctlicher Brunch vor der Martin-Luther-Kirche in Bad Schwalbach. \u00dcber den gesamten Tag hinweg durften wir viele verschiedene Besucher begr\u00fc\u00dfen: ehemalige Mitglieder, Menschen aus der Region und aus dem ganzen Land, Spazierg\u00e4nger sowie Freunde und Familie.<\/p>\n\n\n\n<p>Gemeinsam haben wir einen wundersch\u00f6nen Nachmittag mit abwechslungsreichem Programm, tollen Gespr\u00e4chen und ganz viel Spa\u00df verbracht. Am Abend haben wir uns mit Leckereien vom Grill gest\u00e4rkt, bevor wir den Tag entspannt am Lagerfeuer bei einer Singerunde ausklingen lie\u00dfen.<\/p>\n\n\n\n<p>Am Sonntag haben wir uns dann als Stamm beim Jugendgottesdienst engagiert und das Wochenende gemeinsam abgerundet.<\/p>\n\n\n\n<p>Wir danken allen, die mit uns gefeiert haben und dieses Jubil\u00e4um zu einem unvergesslichen Erlebnis gemacht haben!<\/p>\n\n\n\n<p>Auf viele weitere Jahre mit unserem Stamm!<\/p>\n\n\n\n<div class=\"wp-block-group is-layout-constrained wp-block-group-is-layout-constrained\"><\/div>\n\n\n\n<div class=\"wp-block-columns is-layout-flex wp-container-core-columns-is-layout-9d6595d7 wp-block-columns-is-layout-flex\">\n<div class=\"wp-block-column is-layout-flow wp-block-column-is-layout-flow\">\n<figure class=\"wp-block-gallery has-nested-images columns-default is-cropped wp-block-gallery-1 is-layout-flex wp-block-gallery-is-layout-flex\">\n<figure class=\"wp-block-image size-large\"><img loading=\"lazy\" decoding=\"async\" width=\"768\" height=\"1024\" data-id=\"252\" src=\"https:\/\/vcp-badschwalbach.de\/wp-content\/uploads\/2026\/04\/IMG_6937-768x1024.jpg\" alt=\"\" class=\"wp-image-252\" srcset=\"https:\/\/vcp-badschwalbach.de\/wp-content\/uploads\/2026\/04\/IMG_6937-768x1024.jpg 768w, https:\/\/vcp-badschwalbach.de\/wp-content\/uploads\/2026\/04\/IMG_6937-225x300.jpg 225w, https:\/\/vcp-badschwalbach.de\/wp-content\/uploads\/2026\/04\/IMG_6937-rotated.jpg 1000w\" sizes=\"auto, (max-width: 768px) 100vw, 768px\" \/><\/figure>\n\n\n\n<figure class=\"wp-block-image size-large\"><img loading=\"lazy\" decoding=\"async\" width=\"1000\" height=\"750\" data-id=\"249\" src=\"https:\/\/vcp-badschwalbach.de\/wp-content\/uploads\/2026\/04\/IMG_6942.jpg\" alt=\"\" class=\"wp-image-249\" srcset=\"https:\/\/vcp-badschwalbach.de\/wp-content\/uploads\/2026\/04\/IMG_6942.jpg 1000w, https:\/\/vcp-badschwalbach.de\/wp-content\/uploads\/2026\/04\/IMG_6942-300x225.jpg 300w, https:\/\/vcp-badschwalbach.de\/wp-content\/uploads\/2026\/04\/IMG_6942-768x576.jpg 768w\" sizes=\"auto, (max-width: 1000px) 100vw, 1000px\" \/><\/figure>\n\n\n\n<figure class=\"wp-block-image size-large\"><img loading=\"lazy\" decoding=\"async\" width=\"683\" height=\"1024\" data-id=\"251\" src=\"https:\/\/vcp-badschwalbach.de\/wp-content\/uploads\/2026\/04\/IMG_9691-683x1024.jpg\" alt=\"\" class=\"wp-image-251\" srcset=\"https:\/\/vcp-badschwalbach.de\/wp-content\/uploads\/2026\/04\/IMG_9691-683x1024.jpg 683w, https:\/\/vcp-badschwalbach.de\/wp-content\/uploads\/2026\/04\/IMG_9691-200x300.jpg 200w, https:\/\/vcp-badschwalbach.de\/wp-content\/uploads\/2026\/04\/IMG_9691-768x1152.jpg 768w, https:\/\/vcp-badschwalbach.de\/wp-content\/uploads\/2026\/04\/IMG_9691-rotated.jpg 1000w\" sizes=\"auto, (max-width: 683px) 100vw, 683px\" \/><\/figure>\n<\/figure>\n<\/div>\n<\/div>\n","protected":false},"excerpt":{"rendered":"<p>Unser Stamm ist 40 Jahre alt geworden! Dieses besondere Jubil\u00e4um haben wir am 18. und 19. April gemeinsam mit euch gefeiert. Den Auftakt bildete ein gem\u00fctlicher Brunch vor der Martin-Luther-Kirche in Bad Schwalbach. \u00dcber den gesamten Tag hinweg durften wir viele verschiedene Besucher begr\u00fc\u00dfen: ehemalige Mitglieder, Menschen aus der Region und aus dem ganzen Land, [&hellip;]<\/p>\n","protected":false},"author":2,"featured_media":253,"comment_status":"closed","ping_status":"","sticky":false,"template":"","format":"standard","meta":{"footnotes":""},"categories":[1],"tags":[],"class_list":["post-247","post","type-post","status-publish","format-standard","has-post-thumbnail","hentry","category-allgemein"],"_links":{"self":[{"href":"https:\/\/vcp-badschwalbach.de\/startseite\/wp-json\/wp\/v2\/posts\/247","targetHints":{"allow":["GET"]}}],"collection":[{"href":"https:\/\/vcp-badschwalbach.de\/startseite\/wp-json\/wp\/v2\/posts"}],"about":[{"href":"https:\/\/vcp-badschwalbach.de\/startseite\/wp-json\/wp\/v2\/types\/post"}],"author":[{"embeddable":true,"href":"https:\/\/vcp-badschwalbach.de\/startseite\/wp-json\/wp\/v2\/users\/2"}],"replies":[{"embeddable":true,"href":"https:\/\/vcp-badschwalbach.de\/startseite\/wp-json\/wp\/v2\/comments?post=247"}],"version-history":[{"count":8,"href":"https:\/\/vcp-badschwalbach.de\/startseite\/wp-json\/wp\/v2\/posts\/247\/revisions"}],"predecessor-version":[{"id":261,"href":"https:\/\/vcp-badschwalbach.de\/startseite\/wp-json\/wp\/v2\/posts\/247\/revisions\/261"}],"wp:featuredmedia":[{"embeddable":true,"href":"https:\/\/vcp-badschwalbach.de\/startseite\/wp-json\/wp\/v2\/media\/253"}],"wp:attachment":[{"href":"https:\/\/vcp-badschwalbach.de\/startseite\/wp-json\/wp\/v2\/media?parent=247"}],"wp:term":[{"taxonomy":"category","embeddable":true,"href":"https:\/\/vcp-badschwalbach.de\/startseite\/wp-json\/wp\/v2\/categories?post=247"},{"taxonomy":"post_tag","embeddable":true,"href":"https:\/\/vcp-badschwalbach.de\/startseite\/wp-json\/wp\/v2\/tags?post=247"}],"curies":[{"name":"wp","href":"https:\/\/api.w.org\/{rel}","templated":true}]}}